{"id":29719,"date":"2026-04-20T11:57:16","date_gmt":"2026-04-20T11:57:16","guid":{"rendered":"https:\/\/www.gstarcad.eu\/?p=29719"},"modified":"2026-04-20T11:57:19","modified_gmt":"2026-04-20T11:57:19","slug":"suplimentele-e-cad-sunt-acum-disponibile-in-limba-romana-compatibile-printre-altele-cu-gstarcad","status":"publish","type":"post","link":"https:\/\/www.gstarcad.eu\/ro\/suplimentele-e-cad-sunt-acum-disponibile-in-limba-romana-compatibile-printre-altele-cu-gstarcad\/","title":{"rendered":"Suplimentele e-CAD sunt acum disponibile \u00een limba rom\u00e2n\u0103! Compatibile, printre altele, cu GstarCAD"},"content":{"rendered":"\n<p>Avem o veste excelent\u0103 pentru proiectan\u021bi \u0219i ingineri \u2013 popularele suplimente e-CAD au primit o versiune oficial\u0103 \u00een limba rom\u00e2n\u0103. Este \u00eenc\u0103 un pas important \u00een dezvoltarea software-ului care, de ani de zile, sprijin\u0103 profesioni\u0219tii \u00een automatizarea muncii \u00een mediul CAD.<\/p>\n\n\n\n<p>e-CAD nu este doar un set de instrumente \u2013 este o accelerare inteligent\u0103 a muncii tale. Datorit\u0103 noii versiuni localizate, bariera lingvistic\u0103 dispare, iar automatizarea proiect\u0103rii devine \u0219i mai accesibil\u0103.<\/p>\n\n\n\n<p><strong>Suport \u0219i documenta\u021bie \u00een limba rom\u00e2n\u0103<\/strong><\/p>\n\n\n\n<p>\u0218tim c\u00e2t de important este suportul tehnic, de aceea punem la dispozi\u021bie \u0219i un set de instruc\u021biuni \u0219i ghiduri (FAQ) \u2013 cele mai importante dintre ele au fost traduse \u00een limba rom\u00e2n\u0103.<\/p>\n\n\n\n<p>Aici ve\u021bi g\u0103si r\u0103spunsuri la cele mai frecvente \u00eentreb\u0103ri legate de configurarea \u0219i func\u021biile suplimentelor:<\/p>\n\n\n\n<ol start=\"1\" class=\"wp-block-list\">\n<li><strong>Cum se instaleaz\u0103 extensia e-CAD?<\/strong><br><a href=\"https:\/\/www.e-cad.pl\/?a=2&amp;faq=162#faq162\">https:\/\/www.e-cad.pl\/?a=2&amp;faq=162#faq162<\/a><\/li>\n\n\n\n<li><strong>Cum se porne\u0219te pentru prima dat\u0103 extensia e-CAD \u00een programul GstarCAD?<\/strong><br><a href=\"https:\/\/www.e-cad.pl\/?a=2&amp;faq=163#faq163\">https:\/\/www.e-cad.pl\/?a=2&amp;faq=163#faq163<\/a><\/li>\n\n\n\n<li><strong>Cum se cite\u0219te KLUCZ_ID, adic\u0103 num\u0103rul de serie al cheii USB e-CAD?<\/strong><br><a href=\"https:\/\/www.e-cad.pl\/?a=2&amp;faq=165#faq165\">https:\/\/www.e-cad.pl\/?a=2&amp;faq=165#faq165<\/a><\/li>\n\n\n\n<li><strong>Cum se activeaz\u0103 licen\u021ba temporar\u0103 pentru extensiile e-CAD?<\/strong><br><a href=\"https:\/\/www.e-cad.pl\/?a=2&amp;faq=166#faq166\">https:\/\/www.e-cad.pl\/?a=2&amp;faq=166#faq166<\/a><\/li>\n<\/ol>\n\n\n\n<p>Completa\u021bi formularul de mai jos \u0219i revenim c\u0103tre dumneavoastr\u0103 c\u00e2t mai rapid cu o ofert\u0103 \u0219i toate informa\u021biile de care ave\u021bi nevoie.<\/p>\n\n\n\n<div class=\"wpcf7 no-js\" id=\"wpcf7-f29724-o1\" lang=\"ro-RO\" dir=\"ltr\">\n<div class=\"screen-reader-response\"><p role=\"status\" aria-live=\"polite\" aria-atomic=\"true\"><\/p> <ul><\/ul><\/div>\n<form action=\"\/ro\/wp-json\/wp\/v2\/posts\/29719#wpcf7-f29724-o1\" method=\"post\" class=\"wpcf7-form init\" aria-label=\"Formular de contact\" novalidate=\"novalidate\" data-status=\"init\">\n<div style=\"display: none;\">\n<input type=\"hidden\" name=\"_wpcf7\" value=\"29724\" \/>\n<input type=\"hidden\" name=\"_wpcf7_version\" value=\"5.9.6\" \/>\n<input type=\"hidden\" name=\"_wpcf7_locale\" value=\"ro_RO\" \/>\n<input type=\"hidden\" name=\"_wpcf7_unit_tag\" value=\"wpcf7-f29724-o1\" \/>\n<input type=\"hidden\" name=\"_wpcf7_container_post\" value=\"0\" \/>\n<input type=\"hidden\" name=\"_wpcf7_posted_data_hash\" value=\"\" \/>\n<input type=\"hidden\" name=\"_wpcf7dtx_version\" value=\"5.0.3\" \/>\n<input type=\"hidden\" name=\"_wpcf7_recaptcha_response\" value=\"\" \/>\n<\/div>\n<p><span class=\"wpcf7-form-control-wrap\" data-name=\"your-name\"><input size=\"40\" maxlength=\"80\" class=\"wpcf7-form-control wpcf7-text wpcf7-validates-as-required\" aria-required=\"true\" aria-invalid=\"false\" placeholder=\"Nume \u0219i prenume\" value=\"\" type=\"text\" name=\"your-name\" \/><\/span>\n<\/p>\n<p><span class=\"wpcf7-form-control-wrap\" data-name=\"your-email\"><input size=\"40\" maxlength=\"80\" class=\"wpcf7-form-control wpcf7-email wpcf7-validates-as-required wpcf7-text wpcf7-validates-as-email\" aria-required=\"true\" aria-invalid=\"false\" placeholder=\"Adres\u0103 de e-mail\" value=\"\" type=\"email\" name=\"your-email\" \/><\/span>\n<\/p>\n<p><span class=\"wpcf7-form-control-wrap\" data-name=\"telefon\"><input size=\"40\" maxlength=\"80\" class=\"wpcf7-form-control wpcf7-tel wpcf7-validates-as-required wpcf7-text wpcf7-validates-as-tel\" aria-required=\"true\" aria-invalid=\"false\" placeholder=\"Num\u0103r de telefon\" value=\"\" type=\"tel\" name=\"telefon\" \/><\/span>\n<\/p>\n<p><span class=\"wpcf7-form-control-wrap\" data-name=\"checkbox-1\"><span class=\"wpcf7-form-control wpcf7-checkbox wpcf7-validates-as-required checkbox_zgoda\"><span class=\"wpcf7-list-item first last\"><label><input type=\"checkbox\" name=\"checkbox-1[]\" value=\"*\u00cemi exprim acordul pentru a fi contactat(\u0103) telefonic de c\u0103tre reprezentan\u021bii Grupului BUSINESSINN \u00een scopul prezent\u0103rii unei oferte sau al activit\u0103\u021bilor de marketing.\" \/><span class=\"wpcf7-list-item-label\">*\u00cemi exprim acordul pentru a fi contactat(\u0103) telefonic de c\u0103tre reprezentan\u021bii Grupului BUSINESSINN \u00een scopul prezent\u0103rii unei oferte sau al activit\u0103\u021bilor de marketing.<\/span><\/label><\/span><\/span><\/span><br \/>\n<span class=\"wpcf7-form-control-wrap\" data-name=\"checkbox-2\"><span class=\"wpcf7-form-control wpcf7-checkbox wpcf7-validates-as-required checkbox_zgoda\"><span class=\"wpcf7-list-item first last\"><label><input type=\"checkbox\" name=\"checkbox-2[]\" value=\"*\u00cemi exprim acordul pentru a fi contactat(\u0103) prin e-mail de c\u0103tre reprezentan\u021bii Grupului BUSINESSINN \u00een scopul prezent\u0103rii unei oferte sau al activit\u0103\u021bilor de marketing.\" \/><span class=\"wpcf7-list-item-label\">*\u00cemi exprim acordul pentru a fi contactat(\u0103) prin e-mail de c\u0103tre reprezentan\u021bii Grupului BUSINESSINN \u00een scopul prezent\u0103rii unei oferte sau al activit\u0103\u021bilor de marketing.<\/span><\/label><\/span><\/span><\/span><br \/>\n<span class=\"wpcf7-form-control-wrap\" data-name=\"checkbox-3\"><span class=\"wpcf7-form-control wpcf7-checkbox checkbox_zgoda\"><span class=\"wpcf7-list-item first last\"><label><input type=\"checkbox\" name=\"checkbox-3[]\" value=\"*\u00cemi exprim acordul pentru a primi newsletterul \u00een vederea transmiterii de informa\u021bii despre produsele \u0219i serviciile noastre, precum \u0219i despre evenimentele noi.\" \/><span class=\"wpcf7-list-item-label\">*\u00cemi exprim acordul pentru a primi newsletterul \u00een vederea transmiterii de informa\u021bii despre produsele \u0219i serviciile noastre, precum \u0219i despre evenimentele noi.<\/span><\/label><\/span><\/span><\/span>\n<\/p>\n<p>&nbsp;<br \/>\n<input class=\"wpcf7-form-control wpcf7-submit has-spinner yellow_button\" type=\"submit\" value=\"Trimite\" \/>\n<\/p><input type='hidden' class='wpcf7-pum' value='{\"closepopup\":false,\"closedelay\":0,\"openpopup\":false,\"openpopup_id\":0}' \/><div class=\"wpcf7-response-output\" aria-hidden=\"true\"><\/div>\n<\/form>\n<\/div>\n\n","protected":false},"excerpt":{"rendered":"<p>Avem o veste excelent\u0103 pentru proiectan\u021bi \u0219i ingineri \u2013 popularele suplimente e-CAD au primit o versiune oficial\u0103 \u00een limba rom\u00e2n\u0103. Este \u00eenc\u0103 un pas important \u00een dezvoltarea software-ului care, de ani de zile, sprijin\u0103 profesioni\u0219tii \u00een automatizarea muncii \u00een mediul CAD. e-CAD nu este doar un set de instrumente \u2013 este o accelerare inteligent\u0103 a [&hellip;]<\/p>\n","protected":false},"author":21,"featured_media":29720,"comment_status":"closed","ping_status":"open","sticky":false,"template":"","format":"standard","meta":{"inline_featured_image":false,"footnotes":""},"categories":[192],"tags":[],"class_list":["post-29719","post","type-post","status-publish","format-standard","has-post-thumbnail","hentry","category-uncategorized-ro"],"yoast_head":"<!-- This site is optimized with the Yoast SEO plugin v22.2 - https:\/\/yoast.com\/wordpress\/plugins\/seo\/ -->\n<title>Suplimentele e-CAD sunt acum disponibile \u00een limba rom\u00e2n\u0103!<\/title>\n<meta name=\"description\" content=\"Suplimentele e-CAD au primit o versiune oficial\u0103 \u00een limba rom\u00e2n\u0103. Compatibile, printre altele, cu GstarCAD\" \/>\n<meta name=\"robots\" content=\"index, follow, max-snippet:-1, max-image-preview:large, max-video-preview:-1\" \/>\n<link rel=\"canonical\" href=\"https:\/\/www.gstarcad.eu\/ro\/suplimentele-e-cad-sunt-acum-disponibile-in-limba-romana-compatibile-printre-altele-cu-gstarcad\/\" \/>\n<meta property=\"og:locale\" content=\"ro_RO\" \/>\n<meta property=\"og:type\" content=\"article\" \/>\n<meta property=\"og:title\" content=\"Suplimentele e-CAD sunt acum disponibile \u00een limba rom\u00e2n\u0103!\" \/>\n<meta property=\"og:description\" content=\"Suplimentele e-CAD au primit o versiune oficial\u0103 \u00een limba rom\u00e2n\u0103. Compatibile, printre altele, cu GstarCAD\" \/>\n<meta property=\"og:url\" content=\"https:\/\/www.gstarcad.eu\/ro\/suplimentele-e-cad-sunt-acum-disponibile-in-limba-romana-compatibile-printre-altele-cu-gstarcad\/\" \/>\n<meta property=\"og:site_name\" content=\"GstarCad\" \/>\n<meta property=\"article:published_time\" content=\"2026-04-20T11:57:16+00:00\" \/>\n<meta property=\"article:modified_time\" content=\"2026-04-20T11:57:19+00:00\" \/>\n<meta property=\"og:image\" content=\"https:\/\/www.gstarcad.eu\/wp-content\/uploads\/2026\/04\/gs-aktualnosc-romania.jpg\" \/>\n\t<meta property=\"og:image:width\" content=\"1150\" \/>\n\t<meta property=\"og:image:height\" content=\"702\" \/>\n\t<meta property=\"og:image:type\" content=\"image\/jpeg\" \/>\n<meta name=\"author\" content=\"marius.telcean@businessinn.ro\" \/>\n<meta name=\"twitter:card\" content=\"summary_large_image\" \/>\n<meta name=\"twitter:label1\" content=\"Scris de\" \/>\n\t<meta name=\"twitter:data1\" content=\"marius.telcean@businessinn.ro\" \/>\n\t<meta name=\"twitter:label2\" content=\"Timp estimat pentru citire\" \/>\n\t<meta name=\"twitter:data2\" content=\"2 minute\" \/>\n<script type=\"application\/ld+json\" class=\"yoast-schema-graph\">{\"@context\":\"https:\/\/schema.org\",\"@graph\":[{\"@type\":\"Article\",\"@id\":\"https:\/\/www.gstarcad.eu\/ro\/suplimentele-e-cad-sunt-acum-disponibile-in-limba-romana-compatibile-printre-altele-cu-gstarcad\/#article\",\"isPartOf\":{\"@id\":\"https:\/\/www.gstarcad.eu\/ro\/suplimentele-e-cad-sunt-acum-disponibile-in-limba-romana-compatibile-printre-altele-cu-gstarcad\/\"},\"author\":{\"name\":\"marius.telcean@businessinn.ro\",\"@id\":\"https:\/\/www.gstarcad.eu\/ro\/#\/schema\/person\/403de6c4a9efc2d4f086cab29c4c3089\"},\"headline\":\"Suplimentele e-CAD sunt acum disponibile \u00een limba rom\u00e2n\u0103! Compatibile, printre altele, cu GstarCAD\",\"datePublished\":\"2026-04-20T11:57:16+00:00\",\"dateModified\":\"2026-04-20T11:57:19+00:00\",\"mainEntityOfPage\":{\"@id\":\"https:\/\/www.gstarcad.eu\/ro\/suplimentele-e-cad-sunt-acum-disponibile-in-limba-romana-compatibile-printre-altele-cu-gstarcad\/\"},\"wordCount\":256,\"publisher\":{\"@id\":\"https:\/\/www.gstarcad.eu\/ro\/#organization\"},\"image\":{\"@id\":\"https:\/\/www.gstarcad.eu\/ro\/suplimentele-e-cad-sunt-acum-disponibile-in-limba-romana-compatibile-printre-altele-cu-gstarcad\/#primaryimage\"},\"thumbnailUrl\":\"https:\/\/www.gstarcad.eu\/wp-content\/uploads\/2026\/04\/gs-aktualnosc-romania.jpg\",\"articleSection\":[\"Uncategorized @ro\"],\"inLanguage\":\"ro-RO\"},{\"@type\":\"WebPage\",\"@id\":\"https:\/\/www.gstarcad.eu\/ro\/suplimentele-e-cad-sunt-acum-disponibile-in-limba-romana-compatibile-printre-altele-cu-gstarcad\/\",\"url\":\"https:\/\/www.gstarcad.eu\/ro\/suplimentele-e-cad-sunt-acum-disponibile-in-limba-romana-compatibile-printre-altele-cu-gstarcad\/\",\"name\":\"Suplimentele e-CAD sunt acum disponibile \u00een limba rom\u00e2n\u0103!\",\"isPartOf\":{\"@id\":\"https:\/\/www.gstarcad.eu\/ro\/#website\"},\"primaryImageOfPage\":{\"@id\":\"https:\/\/www.gstarcad.eu\/ro\/suplimentele-e-cad-sunt-acum-disponibile-in-limba-romana-compatibile-printre-altele-cu-gstarcad\/#primaryimage\"},\"image\":{\"@id\":\"https:\/\/www.gstarcad.eu\/ro\/suplimentele-e-cad-sunt-acum-disponibile-in-limba-romana-compatibile-printre-altele-cu-gstarcad\/#primaryimage\"},\"thumbnailUrl\":\"https:\/\/www.gstarcad.eu\/wp-content\/uploads\/2026\/04\/gs-aktualnosc-romania.jpg\",\"datePublished\":\"2026-04-20T11:57:16+00:00\",\"dateModified\":\"2026-04-20T11:57:19+00:00\",\"description\":\"Suplimentele e-CAD au primit o versiune oficial\u0103 \u00een limba rom\u00e2n\u0103. Compatibile, printre altele, cu GstarCAD\",\"breadcrumb\":{\"@id\":\"https:\/\/www.gstarcad.eu\/ro\/suplimentele-e-cad-sunt-acum-disponibile-in-limba-romana-compatibile-printre-altele-cu-gstarcad\/#breadcrumb\"},\"inLanguage\":\"ro-RO\",\"potentialAction\":[{\"@type\":\"ReadAction\",\"target\":[\"https:\/\/www.gstarcad.eu\/ro\/suplimentele-e-cad-sunt-acum-disponibile-in-limba-romana-compatibile-printre-altele-cu-gstarcad\/\"]}]},{\"@type\":\"ImageObject\",\"inLanguage\":\"ro-RO\",\"@id\":\"https:\/\/www.gstarcad.eu\/ro\/suplimentele-e-cad-sunt-acum-disponibile-in-limba-romana-compatibile-printre-altele-cu-gstarcad\/#primaryimage\",\"url\":\"https:\/\/www.gstarcad.eu\/wp-content\/uploads\/2026\/04\/gs-aktualnosc-romania.jpg\",\"contentUrl\":\"https:\/\/www.gstarcad.eu\/wp-content\/uploads\/2026\/04\/gs-aktualnosc-romania.jpg\",\"width\":1150,\"height\":702},{\"@type\":\"BreadcrumbList\",\"@id\":\"https:\/\/www.gstarcad.eu\/ro\/suplimentele-e-cad-sunt-acum-disponibile-in-limba-romana-compatibile-printre-altele-cu-gstarcad\/#breadcrumb\",\"itemListElement\":[{\"@type\":\"ListItem\",\"position\":1,\"name\":\"Home\",\"item\":\"https:\/\/www.gstarcad.eu\/ro\/\"},{\"@type\":\"ListItem\",\"position\":2,\"name\":\"Suplimentele e-CAD sunt acum disponibile \u00een limba rom\u00e2n\u0103! Compatibile, printre altele, cu GstarCAD\"}]},{\"@type\":\"WebSite\",\"@id\":\"https:\/\/www.gstarcad.eu\/ro\/#website\",\"url\":\"https:\/\/www.gstarcad.eu\/ro\/\",\"name\":\"GstarCad\",\"description\":\"\",\"publisher\":{\"@id\":\"https:\/\/www.gstarcad.eu\/ro\/#organization\"},\"potentialAction\":[{\"@type\":\"SearchAction\",\"target\":{\"@type\":\"EntryPoint\",\"urlTemplate\":\"https:\/\/www.gstarcad.eu\/ro\/?s={search_term_string}\"},\"query-input\":\"required name=search_term_string\"}],\"inLanguage\":\"ro-RO\"},{\"@type\":\"Organization\",\"@id\":\"https:\/\/www.gstarcad.eu\/ro\/#organization\",\"name\":\"GstarCad\",\"url\":\"https:\/\/www.gstarcad.eu\/ro\/\",\"logo\":{\"@type\":\"ImageObject\",\"inLanguage\":\"ro-RO\",\"@id\":\"https:\/\/www.gstarcad.eu\/ro\/#\/schema\/logo\/image\/\",\"url\":\"https:\/\/www.gstarcad.eu\/wp-content\/uploads\/2024\/04\/gs-nowe-logo.svg\",\"contentUrl\":\"https:\/\/www.gstarcad.eu\/wp-content\/uploads\/2024\/04\/gs-nowe-logo.svg\",\"width\":169,\"height\":41,\"caption\":\"GstarCad\"},\"image\":{\"@id\":\"https:\/\/www.gstarcad.eu\/ro\/#\/schema\/logo\/image\/\"}},{\"@type\":\"Person\",\"@id\":\"https:\/\/www.gstarcad.eu\/ro\/#\/schema\/person\/403de6c4a9efc2d4f086cab29c4c3089\",\"name\":\"marius.telcean@businessinn.ro\",\"image\":{\"@type\":\"ImageObject\",\"inLanguage\":\"ro-RO\",\"@id\":\"https:\/\/www.gstarcad.eu\/ro\/#\/schema\/person\/image\/\",\"url\":\"https:\/\/secure.gravatar.com\/avatar\/1b179a26bf0ae94ff24df39adf1160e45f0150fc9df6c5295bd922b8f836895b?s=96&d=mm&r=g\",\"contentUrl\":\"https:\/\/secure.gravatar.com\/avatar\/1b179a26bf0ae94ff24df39adf1160e45f0150fc9df6c5295bd922b8f836895b?s=96&d=mm&r=g\",\"caption\":\"marius.telcean@businessinn.ro\"},\"url\":\"https:\/\/www.gstarcad.eu\/ro\/author\/marius-telceanbusinessinn-ro\/\"}]}<\/script>\n<!-- \/ Yoast SEO plugin. -->","yoast_head_json":{"title":"Suplimentele e-CAD sunt acum disponibile \u00een limba rom\u00e2n\u0103!","description":"Suplimentele e-CAD au primit o versiune oficial\u0103 \u00een limba rom\u00e2n\u0103. Compatibile, printre altele, cu GstarCAD","robots":{"index":"index","follow":"follow","max-snippet":"max-snippet:-1","max-image-preview":"max-image-preview:large","max-video-preview":"max-video-preview:-1"},"canonical":"https:\/\/www.gstarcad.eu\/ro\/suplimentele-e-cad-sunt-acum-disponibile-in-limba-romana-compatibile-printre-altele-cu-gstarcad\/","og_locale":"ro_RO","og_type":"article","og_title":"Suplimentele e-CAD sunt acum disponibile \u00een limba rom\u00e2n\u0103!","og_description":"Suplimentele e-CAD au primit o versiune oficial\u0103 \u00een limba rom\u00e2n\u0103. Compatibile, printre altele, cu GstarCAD","og_url":"https:\/\/www.gstarcad.eu\/ro\/suplimentele-e-cad-sunt-acum-disponibile-in-limba-romana-compatibile-printre-altele-cu-gstarcad\/","og_site_name":"GstarCad","article_published_time":"2026-04-20T11:57:16+00:00","article_modified_time":"2026-04-20T11:57:19+00:00","og_image":[{"width":1150,"height":702,"url":"https:\/\/www.gstarcad.eu\/wp-content\/uploads\/2026\/04\/gs-aktualnosc-romania.jpg","type":"image\/jpeg"}],"author":"marius.telcean@businessinn.ro","twitter_card":"summary_large_image","twitter_misc":{"Scris de":"marius.telcean@businessinn.ro","Timp estimat pentru citire":"2 minute"},"schema":{"@context":"https:\/\/schema.org","@graph":[{"@type":"Article","@id":"https:\/\/www.gstarcad.eu\/ro\/suplimentele-e-cad-sunt-acum-disponibile-in-limba-romana-compatibile-printre-altele-cu-gstarcad\/#article","isPartOf":{"@id":"https:\/\/www.gstarcad.eu\/ro\/suplimentele-e-cad-sunt-acum-disponibile-in-limba-romana-compatibile-printre-altele-cu-gstarcad\/"},"author":{"name":"marius.telcean@businessinn.ro","@id":"https:\/\/www.gstarcad.eu\/ro\/#\/schema\/person\/403de6c4a9efc2d4f086cab29c4c3089"},"headline":"Suplimentele e-CAD sunt acum disponibile \u00een limba rom\u00e2n\u0103! Compatibile, printre altele, cu GstarCAD","datePublished":"2026-04-20T11:57:16+00:00","dateModified":"2026-04-20T11:57:19+00:00","mainEntityOfPage":{"@id":"https:\/\/www.gstarcad.eu\/ro\/suplimentele-e-cad-sunt-acum-disponibile-in-limba-romana-compatibile-printre-altele-cu-gstarcad\/"},"wordCount":256,"publisher":{"@id":"https:\/\/www.gstarcad.eu\/ro\/#organization"},"image":{"@id":"https:\/\/www.gstarcad.eu\/ro\/suplimentele-e-cad-sunt-acum-disponibile-in-limba-romana-compatibile-printre-altele-cu-gstarcad\/#primaryimage"},"thumbnailUrl":"https:\/\/www.gstarcad.eu\/wp-content\/uploads\/2026\/04\/gs-aktualnosc-romania.jpg","articleSection":["Uncategorized @ro"],"inLanguage":"ro-RO"},{"@type":"WebPage","@id":"https:\/\/www.gstarcad.eu\/ro\/suplimentele-e-cad-sunt-acum-disponibile-in-limba-romana-compatibile-printre-altele-cu-gstarcad\/","url":"https:\/\/www.gstarcad.eu\/ro\/suplimentele-e-cad-sunt-acum-disponibile-in-limba-romana-compatibile-printre-altele-cu-gstarcad\/","name":"Suplimentele e-CAD sunt acum disponibile \u00een limba rom\u00e2n\u0103!","isPartOf":{"@id":"https:\/\/www.gstarcad.eu\/ro\/#website"},"primaryImageOfPage":{"@id":"https:\/\/www.gstarcad.eu\/ro\/suplimentele-e-cad-sunt-acum-disponibile-in-limba-romana-compatibile-printre-altele-cu-gstarcad\/#primaryimage"},"image":{"@id":"https:\/\/www.gstarcad.eu\/ro\/suplimentele-e-cad-sunt-acum-disponibile-in-limba-romana-compatibile-printre-altele-cu-gstarcad\/#primaryimage"},"thumbnailUrl":"https:\/\/www.gstarcad.eu\/wp-content\/uploads\/2026\/04\/gs-aktualnosc-romania.jpg","datePublished":"2026-04-20T11:57:16+00:00","dateModified":"2026-04-20T11:57:19+00:00","description":"Suplimentele e-CAD au primit o versiune oficial\u0103 \u00een limba rom\u00e2n\u0103. Compatibile, printre altele, cu GstarCAD","breadcrumb":{"@id":"https:\/\/www.gstarcad.eu\/ro\/suplimentele-e-cad-sunt-acum-disponibile-in-limba-romana-compatibile-printre-altele-cu-gstarcad\/#breadcrumb"},"inLanguage":"ro-RO","potentialAction":[{"@type":"ReadAction","target":["https:\/\/www.gstarcad.eu\/ro\/suplimentele-e-cad-sunt-acum-disponibile-in-limba-romana-compatibile-printre-altele-cu-gstarcad\/"]}]},{"@type":"ImageObject","inLanguage":"ro-RO","@id":"https:\/\/www.gstarcad.eu\/ro\/suplimentele-e-cad-sunt-acum-disponibile-in-limba-romana-compatibile-printre-altele-cu-gstarcad\/#primaryimage","url":"https:\/\/www.gstarcad.eu\/wp-content\/uploads\/2026\/04\/gs-aktualnosc-romania.jpg","contentUrl":"https:\/\/www.gstarcad.eu\/wp-content\/uploads\/2026\/04\/gs-aktualnosc-romania.jpg","width":1150,"height":702},{"@type":"BreadcrumbList","@id":"https:\/\/www.gstarcad.eu\/ro\/suplimentele-e-cad-sunt-acum-disponibile-in-limba-romana-compatibile-printre-altele-cu-gstarcad\/#breadcrumb","itemListElement":[{"@type":"ListItem","position":1,"name":"Home","item":"https:\/\/www.gstarcad.eu\/ro\/"},{"@type":"ListItem","position":2,"name":"Suplimentele e-CAD sunt acum disponibile \u00een limba rom\u00e2n\u0103! Compatibile, printre altele, cu GstarCAD"}]},{"@type":"WebSite","@id":"https:\/\/www.gstarcad.eu\/ro\/#website","url":"https:\/\/www.gstarcad.eu\/ro\/","name":"GstarCad","description":"","publisher":{"@id":"https:\/\/www.gstarcad.eu\/ro\/#organization"},"potentialAction":[{"@type":"SearchAction","target":{"@type":"EntryPoint","urlTemplate":"https:\/\/www.gstarcad.eu\/ro\/?s={search_term_string}"},"query-input":"required name=search_term_string"}],"inLanguage":"ro-RO"},{"@type":"Organization","@id":"https:\/\/www.gstarcad.eu\/ro\/#organization","name":"GstarCad","url":"https:\/\/www.gstarcad.eu\/ro\/","logo":{"@type":"ImageObject","inLanguage":"ro-RO","@id":"https:\/\/www.gstarcad.eu\/ro\/#\/schema\/logo\/image\/","url":"https:\/\/www.gstarcad.eu\/wp-content\/uploads\/2024\/04\/gs-nowe-logo.svg","contentUrl":"https:\/\/www.gstarcad.eu\/wp-content\/uploads\/2024\/04\/gs-nowe-logo.svg","width":169,"height":41,"caption":"GstarCad"},"image":{"@id":"https:\/\/www.gstarcad.eu\/ro\/#\/schema\/logo\/image\/"}},{"@type":"Person","@id":"https:\/\/www.gstarcad.eu\/ro\/#\/schema\/person\/403de6c4a9efc2d4f086cab29c4c3089","name":"marius.telcean@businessinn.ro","image":{"@type":"ImageObject","inLanguage":"ro-RO","@id":"https:\/\/www.gstarcad.eu\/ro\/#\/schema\/person\/image\/","url":"https:\/\/secure.gravatar.com\/avatar\/1b179a26bf0ae94ff24df39adf1160e45f0150fc9df6c5295bd922b8f836895b?s=96&d=mm&r=g","contentUrl":"https:\/\/secure.gravatar.com\/avatar\/1b179a26bf0ae94ff24df39adf1160e45f0150fc9df6c5295bd922b8f836895b?s=96&d=mm&r=g","caption":"marius.telcean@businessinn.ro"},"url":"https:\/\/www.gstarcad.eu\/ro\/author\/marius-telceanbusinessinn-ro\/"}]}},"_links":{"self":[{"href":"https:\/\/www.gstarcad.eu\/ro\/wp-json\/wp\/v2\/posts\/29719","targetHints":{"allow":["GET"]}}],"collection":[{"href":"https:\/\/www.gstarcad.eu\/ro\/wp-json\/wp\/v2\/posts"}],"about":[{"href":"https:\/\/www.gstarcad.eu\/ro\/wp-json\/wp\/v2\/types\/post"}],"author":[{"embeddable":true,"href":"https:\/\/www.gstarcad.eu\/ro\/wp-json\/wp\/v2\/users\/21"}],"replies":[{"embeddable":true,"href":"https:\/\/www.gstarcad.eu\/ro\/wp-json\/wp\/v2\/comments?post=29719"}],"version-history":[{"count":1,"href":"https:\/\/www.gstarcad.eu\/ro\/wp-json\/wp\/v2\/posts\/29719\/revisions"}],"predecessor-version":[{"id":29725,"href":"https:\/\/www.gstarcad.eu\/ro\/wp-json\/wp\/v2\/posts\/29719\/revisions\/29725"}],"wp:featuredmedia":[{"embeddable":true,"href":"https:\/\/www.gstarcad.eu\/ro\/wp-json\/wp\/v2\/media\/29720"}],"wp:attachment":[{"href":"https:\/\/www.gstarcad.eu\/ro\/wp-json\/wp\/v2\/media?parent=29719"}],"wp:term":[{"taxonomy":"category","embeddable":true,"href":"https:\/\/www.gstarcad.eu\/ro\/wp-json\/wp\/v2\/categories?post=29719"},{"taxonomy":"post_tag","embeddable":true,"href":"https:\/\/www.gstarcad.eu\/ro\/wp-json\/wp\/v2\/tags?post=29719"}],"curies":[{"name":"wp","href":"https:\/\/api.w.org\/{rel}","templated":true}]}}